{"id":43387,"date":"2023-08-18T09:40:48","date_gmt":"2023-08-18T12:40:48","guid":{"rendered":"https:\/\/www.locaweb.com.br\/blog\/?p=43387"},"modified":"2024-07-31T11:15:00","modified_gmt":"2024-07-31T14:15:00","slug":"empreendedorismo-com-sabrina-sato","status":"publish","type":"post","link":"https:\/\/www.locaweb.com.br\/blog\/temas\/primeiros-passos\/empreendedorismo-com-sabrina-sato\/","title":{"rendered":"5 li\u00e7\u00f5es de empreendedorismo de Sabrina Sato"},"content":{"rendered":"\n<p class=\"has-text-align-center\"><em>A jornada do sonho ao sucesso pode ser longa. Sabrina Sato traz 5 insights que ela aprendeu com sua trajet\u00f3ria empreendedora.<\/em><\/p>\n\n\n\n<p>A carreira da artista e empres\u00e1ria <strong>Sabrina Sato<\/strong> \u00e9 uma hist\u00f3ria de <a href=\"https:\/\/www.locaweb.com.br\/blog\/temas\/primeiros-passos\/o-que-e-empreendedorismo\/\" target=\"_blank\" rel=\"noreferrer noopener\">empreendedorismo<\/a>. Embora hoje seja <strong>um dos nomes mais conhecidos da televis\u00e3o brasileira<\/strong> e um \u00edm\u00e3 de neg\u00f3cios, nem sempre foi assim: sua origem humilde na cidade de Pen\u00e1polis, no interior de S\u00e3o Paulo, n\u00e3o a colocou em uma posi\u00e7\u00e3o privilegiada para <strong>alcan\u00e7ar seus sonhos<\/strong>. Foi preciso batalhar muito para conquistar.<\/p>\n\n\n\n<p>Em uma conversa muito descontra\u00edda na abertura do <a href=\"https:\/\/locawebdigitalconference.com.br\/\" target=\"_blank\" rel=\"noreferrer noopener\">Locaweb Digital Conference 2023<\/a>, Sabrina falou de seus in\u00fameros neg\u00f3cios, que abrangem \u00e1reas t\u00e3o diversas quanto licenciamento de imagem, <strong>agenciamento de artistas<\/strong> e fazenda de caf\u00e9, que caminham em paralelo \u00e0 sua faceta mais conhecida de apresentadora de TV. Ao longo da conversa, ela trouxe 5 li\u00e7\u00f5es que podem ser aplicadas \u00e0 vida de todo <a href=\"https:\/\/www.locaweb.com.br\/blog\/temas\/primeiros-passos\/por-que-o-empreendedorismo-no-brasil-vale-a-pena-entenda\/\" target=\"_blank\" rel=\"noreferrer noopener\">empreendedor<\/a>, seja no mundo f\u00edsico, seja no digital:<\/p>\n\n\n\n<h2 class=\"wp-block-heading\"><strong>1)<\/strong> <strong>Descubra o que te move<\/strong><\/h2>\n\n\n\n<p>Desde crian\u00e7a, Sabrina Sato tinha o sonho de ser apresentadora de TV. O que parecia ser uma fantasia de uma menina de 5 anos foi se consolidando e <strong>se tornando um objetivo de vida<\/strong>. \u201cNem todo mundo tem o privil\u00e9gio de encontrar seu prop\u00f3sito t\u00e3o cedo. Tive a sorte de encontrar o que queria fazer desde crian\u00e7a, mas \u00e9 poss\u00edvel encontrar o que te move mesmo que voc\u00ea tenha 40, 50, 60 anos. O mais importante \u00e9 <strong>enxergarmos nosso potencial<\/strong> e acreditarmos nele\u201d, comenta.<\/p>\n\n\n\n<p>Para ela, fazer o que se ama n\u00e3o \u00e9 somente um presente, mas um tesouro que deve ser preservado. \u201cTemos nossos sonhos, mas a sociedade e o meio em que vivemos costuma nos fazer desacreditar do nosso potencial. Foque no seu sonho, naquilo que te faz avan\u00e7ar\u201d, afirma.<\/p>\n\n\n<div class=\"wp-block-image\">\n<figure class=\"aligncenter size-full\"><img decoding=\"async\" width=\"812\" height=\"500\" src=\"https:\/\/www.locaweb.com.br\/blog\/wp-content\/uploads\/2023\/08\/Sabrina-Sato-empreendedorismo.png\" alt=\"Sabrina Sato empreendedorismo\" class=\"wp-image-43392\" srcset=\"https:\/\/www.locaweb.com.br\/blog\/wp-content\/uploads\/2023\/08\/Sabrina-Sato-empreendedorismo.png 812w, https:\/\/www.locaweb.com.br\/blog\/wp-content\/uploads\/2023\/08\/Sabrina-Sato-empreendedorismo-500x308.png 500w, https:\/\/www.locaweb.com.br\/blog\/wp-content\/uploads\/2023\/08\/Sabrina-Sato-empreendedorismo-768x473.png 768w, https:\/\/www.locaweb.com.br\/blog\/wp-content\/uploads\/2023\/08\/Sabrina-Sato-empreendedorismo-150x92.png 150w\" sizes=\"(max-width: 812px) 100vw, 812px\" \/><figcaption class=\"wp-element-caption\"><em>Sabrina Sato fala sobre carreira e empreendedorismo no Locaweb Digital Conference 2023 &#8211; Foto: Renan Facciolo <\/em><\/figcaption><\/figure>\n<\/div>\n\n\n<h2 class=\"wp-block-heading\"><strong>2) Cerque-se de quem acredita em voc\u00ea<\/strong><\/h2>\n\n\n\n<p>Ter a fam\u00edlia sempre por perto \u00e9 uma constante na vida de Sabrina. Sua irm\u00e3 \u00e9 sua empres\u00e1ria, seu irm\u00e3o administra os neg\u00f3cios. Os pais sempre apoiaram os sonhos dos filhos e conseguiram bancar os estudos deles em S\u00e3o Paulo. Esse ambiente \u00e9 essencial para superar os \u201cn\u00e3os\u201d que s\u00e3o constantes na vida de um empreendedor.<\/p>\n\n\n\n<p>Com o sonho de ser apresentadora de TV, Sabrina <strong>buscava oportunidades em testes<\/strong> \u2013 nada aconteceu por muito tempo. Sem o apoio familiar, ela teria desistido muito antes. \u201cMuita gente derruba seus sonhos, te tira do caminho. Cerque-se de quem te ajuda a chegar l\u00e1\u201d, recomenda.<\/p>\n\n\n\n<h2 class=\"wp-block-heading\"><strong>3) Prepare-se MUITO<\/strong><\/h2>\n\n\n\n<p><strong>Ter um sonho \u00e9 importante<\/strong>, mas n\u00e3o \u00e9 suficiente. \u00c9 preciso estar muito bem preparado. No caso de Sabrina Sato, aulas de teatro, bal\u00e9 e dan\u00e7a fizeram parte de sua inf\u00e2ncia e adolesc\u00eancia \u2013 tudo para que, na hora que a oportunidade surgisse, ela estivesse pronta. \u201cSempre tive um <strong>esp\u00edrito de negociadora<\/strong>, sem ter vergonha ou me intimidar. Isso \u00e9 importante, mas n\u00e3o me descuidei do preparo e de ter as habilidades de que precisava\u201d, comenta.<\/p>\n\n\n\n<h2 class=\"wp-block-heading\"><strong>4) Mostre sua personalidade<\/strong><\/h2>\n\n\n\n<p>Toda <a href=\"https:\/\/www.locaweb.com.br\/blog\/temas\/primeiros-passos\/o-que-e-branded-content\/\" target=\"_blank\" rel=\"noreferrer noopener\">marca de sucesso<\/a> \u2013 e toda personalidade de sucesso \u2013 tem uma personalidade bem definida, com caracter\u00edsticas marcantes. Muitas vezes, essa personalidade vem naturalmente: Sabrina \u00e9 expansiva, engra\u00e7ada e espont\u00e2nea. Sua marca corporativa agrega esses aspectos e trabalha outras compet\u00eancias que vieram com o tempo, como a imagem de \u00edcone <em>fashion <\/em>que Sabrina construiu nos \u00faltimos 20 anos.<\/p>\n\n\n\n<p>\u201c<strong>Minha marca foi crescendo de forma org\u00e2nica<\/strong>, a partir do que gerava identifica\u00e7\u00e3o com o p\u00fablico. A ess\u00eancia do empreendedor, seus valores e o prop\u00f3sito precisam estar no centro da <a href=\"https:\/\/www.locaweb.com.br\/blog\/temas\/de-olho-no-digital\/o-que-e-identidade-visual-e-como-criar-uma\/\" target=\"_blank\" rel=\"noreferrer noopener\">personalidade da marca<\/a>\u201d, ensina. O grande desafio \u00e9 manter essa ess\u00eancia enquanto se evolui. Como fazer isso? N\u00e3o deixando desaparecer os sonhos e os valores, mesmo quando tudo o mais se transforma.<\/p>\n\n\n<div class=\"wp-block-image\">\n<figure class=\"aligncenter size-full is-resized\"><img decoding=\"async\" src=\"https:\/\/www.locaweb.com.br\/blog\/wp-content\/uploads\/2023\/08\/Sabrina-Sato-no-Locaweb-Digital-Conference.png\" alt=\"Sabrina Sato no Locaweb Digital Conference\" class=\"wp-image-43393\" style=\"width:812px;height:500px\" width=\"812\" height=\"500\" srcset=\"https:\/\/www.locaweb.com.br\/blog\/wp-content\/uploads\/2023\/08\/Sabrina-Sato-no-Locaweb-Digital-Conference.png 812w, https:\/\/www.locaweb.com.br\/blog\/wp-content\/uploads\/2023\/08\/Sabrina-Sato-no-Locaweb-Digital-Conference-500x308.png 500w, https:\/\/www.locaweb.com.br\/blog\/wp-content\/uploads\/2023\/08\/Sabrina-Sato-no-Locaweb-Digital-Conference-768x473.png 768w, https:\/\/www.locaweb.com.br\/blog\/wp-content\/uploads\/2023\/08\/Sabrina-Sato-no-Locaweb-Digital-Conference-150x92.png 150w\" sizes=\"(max-width: 812px) 100vw, 812px\" \/><figcaption class=\"wp-element-caption\"><em>Sabrina Sato no Locaweb Digital Conference 2023 &#8211; Foto: Renan Facciolo<\/em><\/figcaption><\/figure>\n<\/div>\n\n\n<h2 class=\"wp-block-heading\"><strong>5) Aproveite as oportunidades<\/strong><\/h2>\n\n\n\n<p>Para se manter no mercado com mil iniciativas diferentes, como v\u00e1rios programas de TV, agenciamento de artistas, <strong>licenciamento de marca e neg\u00f3cios<\/strong> que v\u00e3o de beleza a alimenta\u00e7\u00e3o, Sabrina n\u00e3o d\u00e1 nada por garantido. Nem por perdido. \u201cTodo empreendedor, n\u00e3o importa o n\u00edvel em que esteja, tem momentos ruins e ideias que n\u00e3o d\u00e3o certo. O importante \u00e9 seguir em frente e evoluir sempre\u201d, acredita.<\/p>\n\n\n\n<p>Nessa evolu\u00e7\u00e3o, com frequ\u00eancia ideias que n\u00e3o deram certo s\u00e3o revisitadas e, com ajustes, se tornam sucessos. \u201cO Salada Sato, meu programa de entrevistas, \u00e9 uma ideia de mais de 15 anos e que n\u00e3o encontrava uma oportunidade. Com a pandemia, essa oportunidade apareceu \u2013 e fizemos acontecer\u201d, afirma Sabrina.<\/p>\n\n\n\n<p>Para ela, \u00e9 preciso <strong>desenvolver ideias<\/strong> sempre e, com muita frequ\u00eancia, retrabalhar essas ideias, fazendo adapta\u00e7\u00f5es, at\u00e9 que ela passe a funcionar. \u201cIsso aconteceu comigo muitas e muitas vezes. O que n\u00e3o podemos \u00e9 desistir no primeiro problema que tivermos\u201d, completa.<\/p>\n\n\n\n<figure class=\"wp-block-embed aligncenter is-type-video is-provider-youtube wp-block-embed-youtube wp-embed-aspect-16-9 wp-has-aspect-ratio\"><div class=\"wp-block-embed__wrapper\">\n<iframe title=\"Locaweb Digital Conference 2023\" width=\"500\" height=\"281\" src=\"https:\/\/www.youtube.com\/embed\/ToRAS8o9Bu4?feature=oembed\" frameborder=\"0\" allow=\"accelerometer; autoplay; clipboard-write; encrypted-media; gyroscope; picture-in-picture; web-share\" referrerpolicy=\"strict-origin-when-cross-origin\" allowfullscreen><\/iframe>\n<\/div><figcaption class=\"wp-element-caption\"><em>Aperte o play e embarque na jornada do conhecimento e inova\u00e7\u00e3o no #LocawebDigitalConference2023<\/em><\/figcaption><\/figure>\n","protected":false},"excerpt":{"rendered":"<p>A jornada do sonho ao sucesso pode ser longa. Sabrina Sato traz 5 insights que ela aprendeu com sua trajet\u00f3ria empreendedora. A carreira da artista e empres\u00e1ria Sabrina Sato \u00e9 uma hist\u00f3ria de empreendedorismo. Embora hoje seja um dos nomes mais conhecidos da televis\u00e3o brasileira e um \u00edm\u00e3 de neg\u00f3cios, nem sempre foi assim: sua [&hellip;]<\/p>\n","protected":false},"author":53,"featured_media":43391,"comment_status":"closed","ping_status":"open","sticky":false,"template":"","format":"standard","meta":{"_acf_changed":false,"footnotes":""},"categories":[1],"tags":[],"class_list":["post-43387","post","type-post","status-publish","format-standard","has-post-thumbnail","hentry","category-primeiros-passos"],"acf":[],"_links":{"self":[{"href":"https:\/\/www.locaweb.com.br\/blog\/wp-json\/wp\/v2\/posts\/43387","targetHints":{"allow":["GET"]}}],"collection":[{"href":"https:\/\/www.locaweb.com.br\/blog\/wp-json\/wp\/v2\/posts"}],"about":[{"href":"https:\/\/www.locaweb.com.br\/blog\/wp-json\/wp\/v2\/types\/post"}],"author":[{"embeddable":true,"href":"https:\/\/www.locaweb.com.br\/blog\/wp-json\/wp\/v2\/users\/53"}],"replies":[{"embeddable":true,"href":"https:\/\/www.locaweb.com.br\/blog\/wp-json\/wp\/v2\/comments?post=43387"}],"version-history":[{"count":5,"href":"https:\/\/www.locaweb.com.br\/blog\/wp-json\/wp\/v2\/posts\/43387\/revisions"}],"predecessor-version":[{"id":50014,"href":"https:\/\/www.locaweb.com.br\/blog\/wp-json\/wp\/v2\/posts\/43387\/revisions\/50014"}],"wp:featuredmedia":[{"embeddable":true,"href":"https:\/\/www.locaweb.com.br\/blog\/wp-json\/wp\/v2\/media\/43391"}],"wp:attachment":[{"href":"https:\/\/www.locaweb.com.br\/blog\/wp-json\/wp\/v2\/media?parent=43387"}],"wp:term":[{"taxonomy":"category","embeddable":true,"href":"https:\/\/www.locaweb.com.br\/blog\/wp-json\/wp\/v2\/categories?post=43387"},{"taxonomy":"post_tag","embeddable":true,"href":"https:\/\/www.locaweb.com.br\/blog\/wp-json\/wp\/v2\/tags?post=43387"}],"curies":[{"name":"wp","href":"https:\/\/api.w.org\/{rel}","templated":true}]}}