{"id":43385,"date":"2023-08-18T09:16:18","date_gmt":"2023-08-18T12:16:18","guid":{"rendered":"https:\/\/www.locaweb.com.br\/blog\/?p=43385"},"modified":"2024-07-31T10:40:46","modified_gmt":"2024-07-31T13:40:46","slug":"responsabilidade-social-simara-conceicao","status":"publish","type":"post","link":"https:\/\/www.locaweb.com.br\/blog\/temas\/de-olho-no-digital\/responsabilidade-social-simara-conceicao\/","title":{"rendered":"O que \u00e9tica e responsabilidade social t\u00eam a ver com tecnologia?"},"content":{"rendered":"\n<p><em>Em uma palavra, tudo. Afinal de contas, para se relacionar com clientes de todos os tipos, as empresas de tecnologia precisam abra\u00e7ar a diversidade, a inclus\u00e3o e a responsabilidade social dentro de casa<\/em><\/p>\n\n\n\n<p>Diversidade, equidade, inclus\u00e3o e responsabilidade social s\u00e3o <a href=\"https:\/\/www.locaweb.com.br\/blog\/temas\/marketing-e-seo\/responsabilidade-corporativa-nas-empresas\/\" target=\"_blank\" rel=\"noreferrer noopener\">temas cada vez mais importantes<\/a> em toda a sociedade \u2013 e a \u00e1rea de tecnologia n\u00e3o est\u00e1 isenta disso. Mas n\u00e3o basta dizer: \u00e9 preciso fazer e, diariamente, abrir os olhos para o fato de que todos temos vieses inconscientes e preconceitos. Combat\u00ea-los \u00e9 o que far\u00e1 uma sociedade melhor \u2013 e ir\u00e1 gerar <strong>neg\u00f3cios mais inovadores e lucrativos<\/strong>.<\/p>\n\n\n\n<p>Para <strong>Simara Concei\u00e7\u00e3o<\/strong>, <em>software developer <\/em>na <strong>Thoughtworks<\/strong>, que falou sobre o tema durante o <a href=\"https:\/\/locawebdigitalconference.com.br\/\" target=\"_blank\" rel=\"noreferrer noopener\">Locaweb Digital Conference 2023<\/a>, a tecnologia respons\u00e1vel debate as maneiras de garantir que riscos e implica\u00e7\u00f5es sociais da <a href=\"https:\/\/www.locaweb.com.br\/blog\/temas\/como-vender-mais\/gestao-de-vendas\/\">tecnologia<\/a> sejam avaliados de forma adequada e incorporem valores de igualdade.<\/p>\n\n\n<div class=\"wp-block-image\">\n<figure class=\"aligncenter size-full\"><img decoding=\"async\" width=\"812\" height=\"500\" src=\"https:\/\/www.locaweb.com.br\/blog\/wp-content\/uploads\/2023\/08\/responsabilidade-social_capa.png\" alt=\"Simara Concei\u00e7\u00e3o no Locaweb Digital Conference\" class=\"wp-image-43389\" srcset=\"https:\/\/www.locaweb.com.br\/blog\/wp-content\/uploads\/2023\/08\/responsabilidade-social_capa.png 812w, https:\/\/www.locaweb.com.br\/blog\/wp-content\/uploads\/2023\/08\/responsabilidade-social_capa-500x308.png 500w, https:\/\/www.locaweb.com.br\/blog\/wp-content\/uploads\/2023\/08\/responsabilidade-social_capa-768x473.png 768w, https:\/\/www.locaweb.com.br\/blog\/wp-content\/uploads\/2023\/08\/responsabilidade-social_capa-150x92.png 150w\" sizes=\"(max-width: 812px) 100vw, 812px\" \/><figcaption class=\"wp-element-caption\"><em>Simara Concei\u00e7\u00e3o \u00e9 Fundadora do podcast \u201cquero ser <dev>\u201d, com background em marketing digital e refer\u00eancia de diversidade para mulheres em transi\u00e7\u00e3o de carreira. (Cr\u00e9dito: Renan Facciolo)<\/dev><\/em><\/figcaption><\/figure>\n<\/div>\n\n\n<p>\u00c9 preciso considerar ativamente os valores, consequ\u00eancias n\u00e3o intencionais e impactos negativos da tecnologia, incluindo uma ampla variedade de vozes nesse processo\u201d, comenta.<\/p>\n\n\n\n<p>De acordo com ela, ao adotar uma<strong> abordagem plural<\/strong>, que considera os diversos pontos de vista das pessoas no desenvolvimento de produtos e solu\u00e7\u00f5es, as <strong>empresas abrem os olhos para aspectos que ficavam invis\u00edveis<\/strong>. \u201cUma pessoa com dificuldade de vis\u00e3o precisar\u00e1 dar zoom na tela do celular, mas pouca gente se preocupa com esse tipo de experi\u00eancia de navega\u00e7\u00e3o\u201d, exemplifica.<\/p>\n\n\n\n<p>Mas falar de igualdade e tecnologia respons\u00e1vel vai muito al\u00e9m: tamb\u00e9m \u00e9 necess\u00e1rio aumentar a <strong>inclus\u00e3o de pessoas<\/strong> das mais variadas minorias \u2013 pois elas tamb\u00e9m s\u00e3o parte importante do seu p\u00fablico. <\/p>\n\n\n\n<p>\u201cA tecnologia hoje impacta todas as pessoas, mas nem todas as vozes impactadas s\u00e3o envolvidas. Mudar essa realidade permite mitigar potenciais riscos e danos, o que tem um impacto positivo sobre os neg\u00f3cios\u201d, afirma.<\/p>\n\n\n\n<p>Entre os aspectos que Simara indica que precisam ser analisados para a constru\u00e7\u00e3o de uma tecnologia \u00e9tica est\u00e3o:<\/p>\n\n\n\n<ul class=\"wp-block-list\">\n<li>Acessibilidade e design inclusivo em produtos digitais;<\/li>\n\n\n\n<li>Redu\u00e7\u00e3o do impacto ambiental dos produtos, solu\u00e7\u00f5es e infraestrutura;<\/li>\n\n\n\n<li>Ir al\u00e9m do cumprimento de legisla\u00e7\u00e3o;<\/li>\n\n\n\n<li>Mitiga\u00e7\u00e3o de vieses em algoritmos e no uso de IA;<\/li>\n\n\n\n<li>Respeito \u00e0 privacidade, seguran\u00e7a e transpar\u00eancia;<\/li>\n\n\n\n<li>Educa\u00e7\u00e3o e envolvimento de todo o ecossistema nesse debate;<\/li>\n\n\n\n<li>Mitiga\u00e7\u00e3o da exclus\u00e3o digital;<\/li>\n\n\n\n<li>Amplia\u00e7\u00e3o de vozes diversas nos times de tecnologia.<\/li>\n<\/ul>\n\n\n\n<p>Estudos da <strong>Thoughtworks<\/strong> mostram que abra\u00e7ar essas quest\u00f5es faz com que as empresas de tecnologia melhorem sua <a href=\"https:\/\/www.locaweb.com.br\/blog\/temas\/primeiros-passos\/o-que-e-branded-content\/\" target=\"_blank\" rel=\"noreferrer noopener\">percep\u00e7\u00e3o de marca<\/a>, se tornem mais sustent\u00e1veis e aumentem os \u00edndices de atra\u00e7\u00e3o e reten\u00e7\u00e3o tanto de clientes quanto de talentos. <\/p>\n\n\n<div class=\"wp-block-image\">\n<figure class=\"aligncenter size-full\"><img decoding=\"async\" width=\"812\" height=\"500\" src=\"https:\/\/www.locaweb.com.br\/blog\/wp-content\/uploads\/2023\/08\/responsabilidade-social_2.png\" alt=\"Simara Concei\u00e7\u00e3o no Locaweb Digital Conference\" class=\"wp-image-43395\" srcset=\"https:\/\/www.locaweb.com.br\/blog\/wp-content\/uploads\/2023\/08\/responsabilidade-social_2.png 812w, https:\/\/www.locaweb.com.br\/blog\/wp-content\/uploads\/2023\/08\/responsabilidade-social_2-500x308.png 500w, https:\/\/www.locaweb.com.br\/blog\/wp-content\/uploads\/2023\/08\/responsabilidade-social_2-768x473.png 768w, https:\/\/www.locaweb.com.br\/blog\/wp-content\/uploads\/2023\/08\/responsabilidade-social_2-150x92.png 150w\" sizes=\"(max-width: 812px) 100vw, 812px\" \/><figcaption class=\"wp-element-caption\"><em>A inova\u00e7\u00e3o acontece nas intersec\u00e7\u00f5es. E essa soma de diferentes repert\u00f3rios e viv\u00eancias podem moldar a constru\u00e7\u00e3o de uma nova estrutura social, defende Simara. (Cr\u00e9dito: Renan Facciolo)<\/em><\/figcaption><\/figure>\n<\/div>\n\n\n<p class=\"has-text-align-center\">\u201cFormar equipes inclusivas permite trazer diferentes perspectivas para tudo o que criamos, al\u00e9m de pensar de forma cr\u00edtica sobre impactos econ\u00f4micos e sociais\u201d, afirma. Para a profissional, <strong>seguran\u00e7a e \u00e9tica n\u00e3o devem ser uma resposta \u00e0s exig\u00eancias do mercado<\/strong>, e sim um princ\u00edpio evidente em tudo que a empresa faz. <\/p>\n\n\n\n<p>\u201cFazer a coisa certa ser\u00e1 fundamental para que as empresas ganhem competitividade no mercado. A tecnologia respons\u00e1vel precisa ser mais que uma boa ideia: tem que se tornar uma a\u00e7\u00e3o praticada todos os dias pelas empresas\u201d, completa.<\/p>\n\n\n\n<figure class=\"wp-block-embed aligncenter is-type-video is-provider-youtube wp-block-embed-youtube wp-embed-aspect-16-9 wp-has-aspect-ratio\"><div class=\"wp-block-embed__wrapper\">\n<iframe title=\"Locaweb Digital Conference 2023\" width=\"500\" height=\"281\" src=\"https:\/\/www.youtube.com\/embed\/ToRAS8o9Bu4?feature=oembed\" frameborder=\"0\" allow=\"accelerometer; autoplay; clipboard-write; encrypted-media; gyroscope; picture-in-picture; web-share\" referrerpolicy=\"strict-origin-when-cross-origin\" allowfullscreen><\/iframe>\n<\/div><figcaption class=\"wp-element-caption\"><em>Aperte o play e embarque na jornada do conhecimento e inova\u00e7\u00e3o no #LocawebDigitalConference2023<\/em><\/figcaption><\/figure>\n","protected":false},"excerpt":{"rendered":"<p>Em uma palavra, tudo. Afinal de contas, para se relacionar com clientes de todos os tipos, as empresas de tecnologia precisam abra\u00e7ar a diversidade, a inclus\u00e3o e a responsabilidade social dentro de casa Diversidade, equidade, inclus\u00e3o e responsabilidade social s\u00e3o temas cada vez mais importantes em toda a sociedade \u2013 e a \u00e1rea de tecnologia [&hellip;]<\/p>\n","protected":false},"author":53,"featured_media":43395,"comment_status":"closed","ping_status":"open","sticky":false,"template":"","format":"standard","meta":{"_acf_changed":false,"footnotes":""},"categories":[691],"tags":[],"class_list":["post-43385","post","type-post","status-publish","format-standard","has-post-thumbnail","hentry","category-de-olho-no-digital"],"acf":[],"_links":{"self":[{"href":"https:\/\/www.locaweb.com.br\/blog\/wp-json\/wp\/v2\/posts\/43385","targetHints":{"allow":["GET"]}}],"collection":[{"href":"https:\/\/www.locaweb.com.br\/blog\/wp-json\/wp\/v2\/posts"}],"about":[{"href":"https:\/\/www.locaweb.com.br\/blog\/wp-json\/wp\/v2\/types\/post"}],"author":[{"embeddable":true,"href":"https:\/\/www.locaweb.com.br\/blog\/wp-json\/wp\/v2\/users\/53"}],"replies":[{"embeddable":true,"href":"https:\/\/www.locaweb.com.br\/blog\/wp-json\/wp\/v2\/comments?post=43385"}],"version-history":[{"count":7,"href":"https:\/\/www.locaweb.com.br\/blog\/wp-json\/wp\/v2\/posts\/43385\/revisions"}],"predecessor-version":[{"id":50013,"href":"https:\/\/www.locaweb.com.br\/blog\/wp-json\/wp\/v2\/posts\/43385\/revisions\/50013"}],"wp:featuredmedia":[{"embeddable":true,"href":"https:\/\/www.locaweb.com.br\/blog\/wp-json\/wp\/v2\/media\/43395"}],"wp:attachment":[{"href":"https:\/\/www.locaweb.com.br\/blog\/wp-json\/wp\/v2\/media?parent=43385"}],"wp:term":[{"taxonomy":"category","embeddable":true,"href":"https:\/\/www.locaweb.com.br\/blog\/wp-json\/wp\/v2\/categories?post=43385"},{"taxonomy":"post_tag","embeddable":true,"href":"https:\/\/www.locaweb.com.br\/blog\/wp-json\/wp\/v2\/tags?post=43385"}],"curies":[{"name":"wp","href":"https:\/\/api.w.org\/{rel}","templated":true}]}}