{"id":33733,"date":"2022-02-03T17:28:37","date_gmt":"2022-02-03T20:28:37","guid":{"rendered":"https:\/\/blog.locaweb.com.br\/?p=33733"},"modified":"2024-07-31T11:09:51","modified_gmt":"2024-07-31T14:09:51","slug":"alcione-albanesi-empreendedorismo","status":"publish","type":"post","link":"https:\/\/www.locaweb.com.br\/blog\/temas\/de-olho-no-digital\/alcione-albanesi-empreendedorismo\/","title":{"rendered":"Alcione Albanesi conta como aplica sua experi\u00eancia com empreendedorismo no Amigos do Bem"},"content":{"rendered":"\n<p class=\"has-text-align-center\"><em>Fundadora da FLC L\u00e2mpadas vendeu a empresa l\u00edder de mercado para se dedicar em tempo integral ao projeto social<\/em>.<\/p>\n\n\n\n<p>Empreendedora de nascen\u00e7a, <strong>Alcione Albanesi<\/strong> fazia, na inf\u00e2ncia, rifas dos presentes que ganhava para guardar dinheiro. Aos 18 anos, abriu a pr\u00f3pria confec\u00e7\u00e3o de roupas e administrou 80 funcion\u00e1rios. No in\u00edcio dos anos 1990, decidiu vender a modelagem para se aventurar no mercado de materiais el\u00e9tricos, mesmo sem ter experi\u00eancia no assunto. Deu certo.<\/p>\n\n\n\n<p>Entre outros feitos, a FLC L\u00e2mpadas foi respons\u00e1vel por trazer para o Brasil a tecnologia de l\u00e2mpada de LED. Assim, tornou-se l\u00edder de mercado rapidamente. Mas, apesar do sucesso, a filantropia falou mais alto e Alcione vendeu a companhia para se dedicar em tempo integral ao projeto social <strong>Amigos do Bem<\/strong>, criado por ela para ajudar as pessoas do sert\u00e3o nordestino. A <strong>Revista Locaweb<\/strong> conversou com a empreendedora, que explica por que gerenciar uma ONG pode ser algo t\u00e3o dif\u00edcil quanto comandar uma empresa.<\/p>\n\n\n\n<h2 class=\"wp-block-heading\"><strong>Quando voc\u00ea percebeu que tinha aptid\u00e3o para empreender?<\/strong><\/h2>\n\n\n\n<p>Acredito que todo empreendedor nasce com o dom de enxergar e realizar al\u00e9m. Sempre fui muito decidida e inquieta, acreditando que subir pequenos degraus me ajudaria a alcan\u00e7ar grandes objetivos. Aos 5 anos, costumava ir para o Ceasa com minha m\u00e3e para comprar verduras para as crian\u00e7as carentes das creches que ela ajuda at\u00e9 hoje. Ficava sentada em cima das caixas de tomate at\u00e9 conseguir que o dono da tenda nos doasse alimentos. Mais tarde, aos 14 anos, com muita persist\u00eancia e poder de persuas\u00e3o, consegui convencer meus pais a me deixarem viajar para estudar ingl\u00eas e fiquei fora por um ano. O empreendedorismo sempre fez parte da minha trajet\u00f3ria, mas foi quando eu tinha 18 anos, ao abrir minha confec\u00e7\u00e3o, que dei meu primeiro grande salto profissional e trilhei o caminho at\u00e9 chegar a FLC L\u00e2mpadas.<\/p>\n\n\n\n<h2 class=\"wp-block-heading\"><strong>Como o Amigos do Bem foi desenvolvido?<\/strong><\/h2>\n\n\n\n<p>Com o passar dos anos, a empresa e meu projeto social paralelo cresceram muito, e j\u00e1 n\u00e3o era mais poss\u00edvel me dedicar o quanto precisaria \u00e0s duas iniciativas. Eu precisaria escolher. Acredito que existem muitos profissionais para lidar com neg\u00f3cios, mas poucos dispostos a usar o talento e o tempo para cuidar de pessoas com dedica\u00e7\u00e3o e amor. Ent\u00e3o, em 2014, decidi vender a empresa para me dedicar, voluntariamente e em tempo integral, aos Amigos do Bem, que se tornou uma das maiores institui\u00e7\u00f5es sociais do Pa\u00eds.<\/p>\n\n\n\n<h2 class=\"wp-block-heading\"><strong>Como voc\u00ea aplica sua experi\u00eancia como empreendedora para fomentar o Amigos do Bem?<\/strong><\/h2>\n\n\n\n<p>Acredito que o empreendedor j\u00e1 nasce com o dom de realizar. Por isso, devemos us\u00e1-lo em benef\u00edcio de todos, como um recurso social transformador. No Amigos do Bem, aplico todo o meu know how de empreendedora. \u00c9 um desafio de gest\u00e3o de pessoas, log\u00edstica, administra\u00e7\u00e3o financeira, enfim, com toda a complexidade de uma grande empresa, mas alimentada por um time de volunt\u00e1rios cujo \u00fanico \u201cpagamento\u201d \u00e9 a certeza de que est\u00e3o deixando um rastro de transforma\u00e7\u00e3o por onde passam.<\/p>\n\n\n\n<h2 class=\"wp-block-heading\"><strong>Quais s\u00e3o seus planos para o futuro do projeto social?<\/strong><\/h2>\n\n\n\n<p>Nosso objetivo \u00e9 promover desenvolvimento local e<strong> inclus\u00e3o social <\/strong>capazes de combater a fome e a mis\u00e9ria por meio da educa\u00e7\u00e3o e projetos autossustent\u00e1veis. Sabemos que, para quebrar um ciclo secular de mis\u00e9ria e abandono nessa regi\u00e3o, \u00e9 necess\u00e1rio investir na educa\u00e7\u00e3o e no trabalho. Temos um compromisso de longo prazo com milhares de pessoas, com os doadores e volunt\u00e1rios, e iremos parar apenas quando a fome e a mis\u00e9ria se tornarem fatos hist\u00f3ricos no Pa\u00eds. O brasileiro \u00e9 solid\u00e1rio. Todos podemos fazer o bem. A vida, todos os dias, nos convida a sermos protagonistas da mudan\u00e7a que queremos.<\/p>\n\n\n\n<p>Quer ler mais entrevistas como essa e evoluir o seu neg\u00f3cio? Ent\u00e3o, <a href=\"http:\/\/www.europadigital.com.br\/lw20bl\/62___\/9962116\/\">acesse agora<\/a> mesmo a \u00faltima edi\u00e7\u00e3o da Revista Locaweb.<\/p>\n","protected":false},"excerpt":{"rendered":"<p>Fundadora da FLC L\u00e2mpadas vendeu a empresa l\u00edder de mercado para se dedicar em tempo integral ao projeto social. Empreendedora de nascen\u00e7a, Alcione Albanesi fazia, na inf\u00e2ncia, rifas dos presentes que ganhava para guardar dinheiro. Aos 18 anos, abriu a pr\u00f3pria confec\u00e7\u00e3o de roupas e administrou 80 funcion\u00e1rios. No in\u00edcio dos anos 1990, decidiu vender [&hellip;]<\/p>\n","protected":false},"author":53,"featured_media":33734,"comment_status":"open","ping_status":"open","sticky":false,"template":"","format":"standard","meta":{"_acf_changed":false,"footnotes":""},"categories":[691],"tags":[],"class_list":["post-33733","post","type-post","status-publish","format-standard","has-post-thumbnail","hentry","category-de-olho-no-digital"],"acf":[],"_links":{"self":[{"href":"https:\/\/www.locaweb.com.br\/blog\/wp-json\/wp\/v2\/posts\/33733","targetHints":{"allow":["GET"]}}],"collection":[{"href":"https:\/\/www.locaweb.com.br\/blog\/wp-json\/wp\/v2\/posts"}],"about":[{"href":"https:\/\/www.locaweb.com.br\/blog\/wp-json\/wp\/v2\/types\/post"}],"author":[{"embeddable":true,"href":"https:\/\/www.locaweb.com.br\/blog\/wp-json\/wp\/v2\/users\/53"}],"replies":[{"embeddable":true,"href":"https:\/\/www.locaweb.com.br\/blog\/wp-json\/wp\/v2\/comments?post=33733"}],"version-history":[{"count":1,"href":"https:\/\/www.locaweb.com.br\/blog\/wp-json\/wp\/v2\/posts\/33733\/revisions"}],"predecessor-version":[{"id":33735,"href":"https:\/\/www.locaweb.com.br\/blog\/wp-json\/wp\/v2\/posts\/33733\/revisions\/33735"}],"wp:featuredmedia":[{"embeddable":true,"href":"https:\/\/www.locaweb.com.br\/blog\/wp-json\/wp\/v2\/media\/33734"}],"wp:attachment":[{"href":"https:\/\/www.locaweb.com.br\/blog\/wp-json\/wp\/v2\/media?parent=33733"}],"wp:term":[{"taxonomy":"category","embeddable":true,"href":"https:\/\/www.locaweb.com.br\/blog\/wp-json\/wp\/v2\/categories?post=33733"},{"taxonomy":"post_tag","embeddable":true,"href":"https:\/\/www.locaweb.com.br\/blog\/wp-json\/wp\/v2\/tags?post=33733"}],"curies":[{"name":"wp","href":"https:\/\/api.w.org\/{rel}","templated":true}]}}